{"id":3708,"date":"2018-12-17T20:49:55","date_gmt":"2018-12-17T19:49:55","guid":{"rendered":"http:\/\/www.phusis.ch\/steve\/?p=3708"},"modified":"2018-12-17T20:49:55","modified_gmt":"2018-12-17T19:49:55","slug":"balade-en-latricieres-chambertin","status":"publish","type":"post","link":"http:\/\/www.phusis.ch\/vins\/2018\/12\/17\/balade-en-latricieres-chambertin\/","title":{"rendered":"Balade en Latrici\u00e8res-Chambertin"},"content":{"rendered":"<p><a href=\"http:\/\/www.phusis.ch\/vins\/wp-content\/uploads\/2018\/12\/Latrici\u00e8res.jpg\"><img fetchpriority=\"high\" decoding=\"async\" class=\"alignright size-medium wp-image-3709\" src=\"http:\/\/www.phusis.ch\/vins\/wp-content\/uploads\/2018\/12\/Latrici\u00e8res-300x225.jpg\" alt=\"\" width=\"300\" height=\"225\" srcset=\"http:\/\/www.phusis.ch\/vins\/wp-content\/uploads\/2018\/12\/Latrici\u00e8res-300x225.jpg 300w, http:\/\/www.phusis.ch\/vins\/wp-content\/uploads\/2018\/12\/Latrici\u00e8res-768x576.jpg 768w, http:\/\/www.phusis.ch\/vins\/wp-content\/uploads\/2018\/12\/Latrici\u00e8res.jpg 1024w\" sizes=\"(max-width: 300px) 100vw, 300px\" \/><\/a>Le 18 avril dernier, PHUSIS \u00e9tait en balade gustative dans les Latrici\u00e8res-Chambertin. Une tr\u00e8s belle soir\u00e9e consacr\u00e9e \u00e0 un cru finalement assez peu connu et qui m\u00e9rite d&#8217;\u00eatre (re)d\u00e9couvert !<\/p>\n<p>Ci-dessous, la liste des vins d\u00e9gust\u00e9s avec, pour chacun, un mot pour tenter de le dire.<\/p>\n<p>A1\u00a0 Latrici\u00e8res-Chambertin 2013, Drouhin-Laroze : clair<\/p>\n<p>A2\u00a0 Charmes-Chambertin 2013, Domaine Arlaud : charnu<\/p>\n<p>B1\u00a0 Latrici\u00e8res-Chambertin 2011, Faiveley : a\u00e9rien<\/p>\n<p>B2\u00a0 Latrici\u00e8res-Chambertin 2011, Arnoux : ferm\u00e9<\/p>\n<p>C1\u00a0 Latrici\u00e8res-Chambertin 2011, Duband : tannique<\/p>\n<p>C2\u00a0 Gevrey-Chambertin 1<sup>er<\/sup>Cru Combottes 2011, Dujac : ramass\u00e9<\/p>\n<p>D1\u00a0 Latrici\u00e8res-Chambertin 2010, Chantal R\u00e9my : \u00e9lanc\u00e9<\/p>\n<p>D2\u00a0 Latrici\u00e8res-Chambertin 2008, Bichot : r\u00e9duit<\/p>\n<p>E1\u00a0 Latrici\u00e8res-Chambertin 2009, Rossignol-Trapet : g\u00e9n\u00e9reux<\/p>\n<p>E2\u00a0 Latrici\u00e8res-Chambertin 2009, Trapet : caillouteux<\/p>\n<p>F1\u00a0 Latrici\u00e8res-Chambertin 1999, Louis Latour : facile<\/p>\n<p>F2\u00a0 Latrici\u00e8res-Chambertin 1983, Camus : flou<\/p>\n<p>G1\u00a0 Latrici\u00e8res-Chambertin 1995, Leroy : concentr\u00e9<\/p>\n<p>G2\u00a0 Latrici\u00e8res-Chambertin 2006, Trapet : soyeux<\/p>\n\n\t\t\t<div style=\"clear: both; float: none;\" class=\"ratepost-clear\"><\/div>\n\t\t\t<div id=\"ratepost-3708\" class=\"ratepost\" rel=\"3\">\n\t\t\t\t\t<span class=\"rating3\"><div class=\"star1\" rel=\"1\"><\/div><div class=\"star2\" rel=\"2\"><\/div><div class=\"star3\" rel=\"3\"><\/div><div class=\"star4\" rel=\"4\"><\/div><div class=\"star5\" rel=\"5\"><\/div><\/span>\n\t\t\t\t<div class=\"status-info\"><\/div>\n\t\t<\/div><div style=\"clear: both; float: none;\" class=\"ratepost-clear\"><\/div>","protected":false},"excerpt":{"rendered":"<p>Le 18 avril dernier, PHUSIS \u00e9tait en balade gustative dans les Latrici\u00e8res-Chambertin. Une tr\u00e8s belle soir\u00e9e consacr\u00e9e \u00e0 un cru finalement assez peu connu et qui m\u00e9rite d&#8217;\u00eatre (re)d\u00e9couvert ! Ci-dessous, la liste des vins d\u00e9gust\u00e9s avec, pour chacun, un mot pour tenter de le dire. A1\u00a0 Latrici\u00e8res-Chambertin 2013, Drouhin-Laroze : clair A2\u00a0 Charmes-Chambertin 2013, [&hellip;]<\/p>\n","protected":false},"author":3,"featured_media":0,"comment_status":"open","ping_status":"open","sticky":false,"template":"","format":"standard","meta":{"_monsterinsights_skip_tracking":false,"_monsterinsights_sitenote_active":false,"_monsterinsights_sitenote_note":"","_monsterinsights_sitenote_category":0,"footnotes":""},"categories":[1,19],"tags":[],"yoast_head":"<!-- This site is optimized with the Yoast SEO plugin v22.8 - https:\/\/yoast.com\/wordpress\/plugins\/seo\/ -->\n<title>Balade en Latrici\u00e8res-Chambertin - PHUSIS<\/title>\n<meta name=\"robots\" content=\"index, follow, max-snippet:-1, max-image-preview:large, max-video-preview:-1\" \/>\n<link rel=\"canonical\" href=\"https:\/\/www.phusis.ch\/vins\/2018\/12\/17\/balade-en-latricieres-chambertin\/\" \/>\n<meta property=\"og:locale\" content=\"fr_FR\" \/>\n<meta property=\"og:type\" content=\"article\" \/>\n<meta property=\"og:title\" content=\"Balade en Latrici\u00e8res-Chambertin - PHUSIS\" \/>\n<meta property=\"og:description\" content=\"Le 18 avril dernier, PHUSIS \u00e9tait en balade gustative dans les Latrici\u00e8res-Chambertin. Une tr\u00e8s belle soir\u00e9e consacr\u00e9e \u00e0 un cru finalement assez peu connu et qui m\u00e9rite d&#8217;\u00eatre (re)d\u00e9couvert ! Ci-dessous, la liste des vins d\u00e9gust\u00e9s avec, pour chacun, un mot pour tenter de le dire. A1\u00a0 Latrici\u00e8res-Chambertin 2013, Drouhin-Laroze : clair A2\u00a0 Charmes-Chambertin 2013, [&hellip;]\" \/>\n<meta property=\"og:url\" content=\"https:\/\/www.phusis.ch\/vins\/2018\/12\/17\/balade-en-latricieres-chambertin\/\" \/>\n<meta property=\"og:site_name\" content=\"PHUSIS\" \/>\n<meta property=\"article:published_time\" content=\"2018-12-17T19:49:55+00:00\" \/>\n<meta name=\"author\" content=\"Steve\" \/>\n<meta name=\"twitter:card\" content=\"summary_large_image\" \/>\n<meta name=\"twitter:label1\" content=\"\u00c9crit par\" \/>\n\t<meta name=\"twitter:data1\" content=\"Steve\" \/>\n\t<meta name=\"twitter:label2\" content=\"Dur\u00e9e de lecture estim\u00e9e\" \/>\n\t<meta name=\"twitter:data2\" content=\"1 minute\" \/>\n<script type=\"application\/ld+json\" class=\"yoast-schema-graph\">{\"@context\":\"https:\/\/schema.org\",\"@graph\":[{\"@type\":\"Article\",\"@id\":\"https:\/\/www.phusis.ch\/vins\/2018\/12\/17\/balade-en-latricieres-chambertin\/#article\",\"isPartOf\":{\"@id\":\"https:\/\/www.phusis.ch\/vins\/2018\/12\/17\/balade-en-latricieres-chambertin\/\"},\"author\":{\"name\":\"Steve\",\"@id\":\"http:\/\/www.phusis.ch\/vins\/#\/schema\/person\/65b6385ba0928f6cc1f3b9be20df5365\"},\"headline\":\"Balade en Latrici\u00e8res-Chambertin\",\"datePublished\":\"2018-12-17T19:49:55+00:00\",\"dateModified\":\"2018-12-17T19:49:55+00:00\",\"mainEntityOfPage\":{\"@id\":\"https:\/\/www.phusis.ch\/vins\/2018\/12\/17\/balade-en-latricieres-chambertin\/\"},\"wordCount\":135,\"commentCount\":0,\"publisher\":{\"@id\":\"http:\/\/www.phusis.ch\/vins\/#organization\"},\"articleSection\":[\"Accueil\",\"Comptes rendus\"],\"inLanguage\":\"fr-FR\",\"potentialAction\":[{\"@type\":\"CommentAction\",\"name\":\"Comment\",\"target\":[\"https:\/\/www.phusis.ch\/vins\/2018\/12\/17\/balade-en-latricieres-chambertin\/#respond\"]}]},{\"@type\":\"WebPage\",\"@id\":\"https:\/\/www.phusis.ch\/vins\/2018\/12\/17\/balade-en-latricieres-chambertin\/\",\"url\":\"https:\/\/www.phusis.ch\/vins\/2018\/12\/17\/balade-en-latricieres-chambertin\/\",\"name\":\"Balade en Latrici\u00e8res-Chambertin - PHUSIS\",\"isPartOf\":{\"@id\":\"http:\/\/www.phusis.ch\/vins\/#website\"},\"datePublished\":\"2018-12-17T19:49:55+00:00\",\"dateModified\":\"2018-12-17T19:49:55+00:00\",\"breadcrumb\":{\"@id\":\"https:\/\/www.phusis.ch\/vins\/2018\/12\/17\/balade-en-latricieres-chambertin\/#breadcrumb\"},\"inLanguage\":\"fr-FR\",\"potentialAction\":[{\"@type\":\"ReadAction\",\"target\":[\"https:\/\/www.phusis.ch\/vins\/2018\/12\/17\/balade-en-latricieres-chambertin\/\"]}]},{\"@type\":\"BreadcrumbList\",\"@id\":\"https:\/\/www.phusis.ch\/vins\/2018\/12\/17\/balade-en-latricieres-chambertin\/#breadcrumb\",\"itemListElement\":[{\"@type\":\"ListItem\",\"position\":1,\"name\":\"Accueil\",\"item\":\"http:\/\/www.phusis.ch\/vins\/\"},{\"@type\":\"ListItem\",\"position\":2,\"name\":\"Balade en Latrici\u00e8res-Chambertin\"}]},{\"@type\":\"WebSite\",\"@id\":\"http:\/\/www.phusis.ch\/vins\/#website\",\"url\":\"http:\/\/www.phusis.ch\/vins\/\",\"name\":\"PHUSIS\",\"description\":\"Phusis | Une exp\u00e9rience du vin\",\"publisher\":{\"@id\":\"http:\/\/www.phusis.ch\/vins\/#organization\"},\"potentialAction\":[{\"@type\":\"SearchAction\",\"target\":{\"@type\":\"EntryPoint\",\"urlTemplate\":\"http:\/\/www.phusis.ch\/vins\/?s={search_term_string}\"},\"query-input\":\"required name=search_term_string\"}],\"inLanguage\":\"fr-FR\"},{\"@type\":\"Organization\",\"@id\":\"http:\/\/www.phusis.ch\/vins\/#organization\",\"name\":\"PHUSIS\",\"url\":\"http:\/\/www.phusis.ch\/vins\/\",\"logo\":{\"@type\":\"ImageObject\",\"inLanguage\":\"fr-FR\",\"@id\":\"http:\/\/www.phusis.ch\/vins\/#\/schema\/logo\/image\/\",\"url\":\"http:\/\/www.phusis.ch\/vins\/wp-content\/uploads\/2021\/06\/Oiseau-PHUSIS-Transparent-1024x1024-1.png\",\"contentUrl\":\"http:\/\/www.phusis.ch\/vins\/wp-content\/uploads\/2021\/06\/Oiseau-PHUSIS-Transparent-1024x1024-1.png\",\"width\":1024,\"height\":1024,\"caption\":\"PHUSIS\"},\"image\":{\"@id\":\"http:\/\/www.phusis.ch\/vins\/#\/schema\/logo\/image\/\"}},{\"@type\":\"Person\",\"@id\":\"http:\/\/www.phusis.ch\/vins\/#\/schema\/person\/65b6385ba0928f6cc1f3b9be20df5365\",\"name\":\"Steve\",\"url\":\"http:\/\/www.phusis.ch\/vins\/author\/steveb\/\"}]}<\/script>\n<!-- \/ Yoast SEO plugin. -->","yoast_head_json":{"title":"Balade en Latrici\u00e8res-Chambertin - PHUSIS","robots":{"index":"index","follow":"follow","max-snippet":"max-snippet:-1","max-image-preview":"max-image-preview:large","max-video-preview":"max-video-preview:-1"},"canonical":"https:\/\/www.phusis.ch\/vins\/2018\/12\/17\/balade-en-latricieres-chambertin\/","og_locale":"fr_FR","og_type":"article","og_title":"Balade en Latrici\u00e8res-Chambertin - PHUSIS","og_description":"Le 18 avril dernier, PHUSIS \u00e9tait en balade gustative dans les Latrici\u00e8res-Chambertin. Une tr\u00e8s belle soir\u00e9e consacr\u00e9e \u00e0 un cru finalement assez peu connu et qui m\u00e9rite d&#8217;\u00eatre (re)d\u00e9couvert ! Ci-dessous, la liste des vins d\u00e9gust\u00e9s avec, pour chacun, un mot pour tenter de le dire. A1\u00a0 Latrici\u00e8res-Chambertin 2013, Drouhin-Laroze : clair A2\u00a0 Charmes-Chambertin 2013, [&hellip;]","og_url":"https:\/\/www.phusis.ch\/vins\/2018\/12\/17\/balade-en-latricieres-chambertin\/","og_site_name":"PHUSIS","article_published_time":"2018-12-17T19:49:55+00:00","author":"Steve","twitter_card":"summary_large_image","twitter_misc":{"\u00c9crit par":"Steve","Dur\u00e9e de lecture estim\u00e9e":"1 minute"},"schema":{"@context":"https:\/\/schema.org","@graph":[{"@type":"Article","@id":"https:\/\/www.phusis.ch\/vins\/2018\/12\/17\/balade-en-latricieres-chambertin\/#article","isPartOf":{"@id":"https:\/\/www.phusis.ch\/vins\/2018\/12\/17\/balade-en-latricieres-chambertin\/"},"author":{"name":"Steve","@id":"http:\/\/www.phusis.ch\/vins\/#\/schema\/person\/65b6385ba0928f6cc1f3b9be20df5365"},"headline":"Balade en Latrici\u00e8res-Chambertin","datePublished":"2018-12-17T19:49:55+00:00","dateModified":"2018-12-17T19:49:55+00:00","mainEntityOfPage":{"@id":"https:\/\/www.phusis.ch\/vins\/2018\/12\/17\/balade-en-latricieres-chambertin\/"},"wordCount":135,"commentCount":0,"publisher":{"@id":"http:\/\/www.phusis.ch\/vins\/#organization"},"articleSection":["Accueil","Comptes rendus"],"inLanguage":"fr-FR","potentialAction":[{"@type":"CommentAction","name":"Comment","target":["https:\/\/www.phusis.ch\/vins\/2018\/12\/17\/balade-en-latricieres-chambertin\/#respond"]}]},{"@type":"WebPage","@id":"https:\/\/www.phusis.ch\/vins\/2018\/12\/17\/balade-en-latricieres-chambertin\/","url":"https:\/\/www.phusis.ch\/vins\/2018\/12\/17\/balade-en-latricieres-chambertin\/","name":"Balade en Latrici\u00e8res-Chambertin - PHUSIS","isPartOf":{"@id":"http:\/\/www.phusis.ch\/vins\/#website"},"datePublished":"2018-12-17T19:49:55+00:00","dateModified":"2018-12-17T19:49:55+00:00","breadcrumb":{"@id":"https:\/\/www.phusis.ch\/vins\/2018\/12\/17\/balade-en-latricieres-chambertin\/#breadcrumb"},"inLanguage":"fr-FR","potentialAction":[{"@type":"ReadAction","target":["https:\/\/www.phusis.ch\/vins\/2018\/12\/17\/balade-en-latricieres-chambertin\/"]}]},{"@type":"BreadcrumbList","@id":"https:\/\/www.phusis.ch\/vins\/2018\/12\/17\/balade-en-latricieres-chambertin\/#breadcrumb","itemListElement":[{"@type":"ListItem","position":1,"name":"Accueil","item":"http:\/\/www.phusis.ch\/vins\/"},{"@type":"ListItem","position":2,"name":"Balade en Latrici\u00e8res-Chambertin"}]},{"@type":"WebSite","@id":"http:\/\/www.phusis.ch\/vins\/#website","url":"http:\/\/www.phusis.ch\/vins\/","name":"PHUSIS","description":"Phusis | Une exp\u00e9rience du vin","publisher":{"@id":"http:\/\/www.phusis.ch\/vins\/#organization"},"potentialAction":[{"@type":"SearchAction","target":{"@type":"EntryPoint","urlTemplate":"http:\/\/www.phusis.ch\/vins\/?s={search_term_string}"},"query-input":"required name=search_term_string"}],"inLanguage":"fr-FR"},{"@type":"Organization","@id":"http:\/\/www.phusis.ch\/vins\/#organization","name":"PHUSIS","url":"http:\/\/www.phusis.ch\/vins\/","logo":{"@type":"ImageObject","inLanguage":"fr-FR","@id":"http:\/\/www.phusis.ch\/vins\/#\/schema\/logo\/image\/","url":"http:\/\/www.phusis.ch\/vins\/wp-content\/uploads\/2021\/06\/Oiseau-PHUSIS-Transparent-1024x1024-1.png","contentUrl":"http:\/\/www.phusis.ch\/vins\/wp-content\/uploads\/2021\/06\/Oiseau-PHUSIS-Transparent-1024x1024-1.png","width":1024,"height":1024,"caption":"PHUSIS"},"image":{"@id":"http:\/\/www.phusis.ch\/vins\/#\/schema\/logo\/image\/"}},{"@type":"Person","@id":"http:\/\/www.phusis.ch\/vins\/#\/schema\/person\/65b6385ba0928f6cc1f3b9be20df5365","name":"Steve","url":"http:\/\/www.phusis.ch\/vins\/author\/steveb\/"}]}},"_links":{"self":[{"href":"http:\/\/www.phusis.ch\/vins\/wp-json\/wp\/v2\/posts\/3708"}],"collection":[{"href":"http:\/\/www.phusis.ch\/vins\/wp-json\/wp\/v2\/posts"}],"about":[{"href":"http:\/\/www.phusis.ch\/vins\/wp-json\/wp\/v2\/types\/post"}],"author":[{"embeddable":true,"href":"http:\/\/www.phusis.ch\/vins\/wp-json\/wp\/v2\/users\/3"}],"replies":[{"embeddable":true,"href":"http:\/\/www.phusis.ch\/vins\/wp-json\/wp\/v2\/comments?post=3708"}],"version-history":[{"count":2,"href":"http:\/\/www.phusis.ch\/vins\/wp-json\/wp\/v2\/posts\/3708\/revisions"}],"predecessor-version":[{"id":3711,"href":"http:\/\/www.phusis.ch\/vins\/wp-json\/wp\/v2\/posts\/3708\/revisions\/3711"}],"wp:attachment":[{"href":"http:\/\/www.phusis.ch\/vins\/wp-json\/wp\/v2\/media?parent=3708"}],"wp:term":[{"taxonomy":"category","embeddable":true,"href":"http:\/\/www.phusis.ch\/vins\/wp-json\/wp\/v2\/categories?post=3708"},{"taxonomy":"post_tag","embeddable":true,"href":"http:\/\/www.phusis.ch\/vins\/wp-json\/wp\/v2\/tags?post=3708"}],"curies":[{"name":"wp","href":"https:\/\/api.w.org\/{rel}","templated":true}]}}