{"id":3722,"date":"2019-02-01T11:03:08","date_gmt":"2019-02-01T10:03:08","guid":{"rendered":"http:\/\/www.phusis.ch\/steve\/?p=3722"},"modified":"2019-02-01T11:03:08","modified_gmt":"2019-02-01T10:03:08","slug":"mastroberardino-verticale-de-taurasi-2eme-partie","status":"publish","type":"post","link":"http:\/\/www.phusis.ch\/vins\/2019\/02\/01\/mastroberardino-verticale-de-taurasi-2eme-partie\/","title":{"rendered":"Mastroberardino : Verticale de Taurasi 2\u00e8me partie"},"content":{"rendered":"<p><a href=\"http:\/\/www.phusis.ch\/vins\/wp-content\/uploads\/2019\/02\/Taurasi30.01.19.jpg\"><img decoding=\"async\" class=\"alignright size-medium wp-image-3723\" src=\"http:\/\/www.phusis.ch\/vins\/wp-content\/uploads\/2019\/02\/Taurasi30.01.19-300x146.jpg\" alt=\"\" width=\"300\" height=\"146\" srcset=\"http:\/\/www.phusis.ch\/vins\/wp-content\/uploads\/2019\/02\/Taurasi30.01.19-300x146.jpg 300w, http:\/\/www.phusis.ch\/vins\/wp-content\/uploads\/2019\/02\/Taurasi30.01.19-768x374.jpg 768w, http:\/\/www.phusis.ch\/vins\/wp-content\/uploads\/2019\/02\/Taurasi30.01.19.jpg 1024w\" sizes=\"(max-width: 300px) 100vw, 300px\" \/><\/a>Apr\u00e8s une premi\u00e8re partie en d\u00e9cembre dernier, nous avons eu l&#8217;occasion de remonter, avec cette seconde session, aux crus plus anciens de Mastroberardino. C&#8217;est Gianni Fabrizio, du Gambero Rosso, qui est venu animer cette soir\u00e9e et 3 de ses amis italiens ont fait le d\u00e9placement depuis Naples pour cette d\u00e9gustation unique, dont un des r\u00e9cents producteurs les plus en vue de l&#8217;appellation (Cantina Joaquin A.A) !<\/p>\n<p>Voici la liste des vins d\u00e9gust\u00e9s :<\/p>\n<p>Taurasi Riserva Della Societa\u2019 2010, Cantina Joaquin A.A : d\u00e9licat<\/p>\n<p>A1 Taurasi Radici 1998 : laurier<\/p>\n<p>A2 Taurasi Riserva Radici 1998 : sec<\/p>\n<p>B1 Taurasi Radici 1997 : sanguin<\/p>\n<p>B2 Taurasi Riserva Radici 1997 : profond<\/p>\n<p>C1 Taurasi Radici 1996 : vibrant<\/p>\n<p>C2 Taurasi Radici 1995 : terrien<\/p>\n<p>D1 Taurasi 1987 : fin<\/p>\n<p>D2 Taurasi Riserva 1983 : bouteille fatigu\u00e9e<\/p>\n<p>E1 Taurasi 1981 : d\u00e9li\u00e9<\/p>\n<p>E2 Taurasi 1978 : serr\u00e9<\/p>\n<p>F1 Taurasi 1976 : oriental<\/p>\n<p>F2 Taurasi 1975 : c\u00e9leste<\/p>\n<p>G1 Taurasi 1974 : oxyd\u00e9 (bouteille couleuse)<\/p>\n<p>G2 Taurasi 1971 : fragile<\/p>\n<p>H1 Taurasi Riserva 1973 : herbeux<\/p>\n<p>H2 Taurasi Riserva 1968 : intense<\/p>\n<p>I1 Taurasi Riserva 1966 : droit<\/p>\n<p>I2 Taurasi Riserva 1961 : pas net (bouchon)<\/p>\n<p>&nbsp;<\/p>\n<p>Et en compl\u00e9ment avec les charcuteries locales :<\/p>\n<p>Taurasi Radici 1992 : vineux<\/p>\n\n\t\t\t<div style=\"clear: both; float: none;\" class=\"ratepost-clear\"><\/div>\n\t\t\t<div id=\"ratepost-3722\" class=\"ratepost\" rel=\"3\">\n\t\t\t\t\t<span class=\"rating3\"><div class=\"star1\" rel=\"1\"><\/div><div class=\"star2\" rel=\"2\"><\/div><div class=\"star3\" rel=\"3\"><\/div><div class=\"star4\" rel=\"4\"><\/div><div class=\"star5\" rel=\"5\"><\/div><\/span>\n\t\t\t\t<div class=\"status-info\"><\/div>\n\t\t<\/div><div style=\"clear: both; float: none;\" class=\"ratepost-clear\"><\/div>","protected":false},"excerpt":{"rendered":"<p>Apr\u00e8s une premi\u00e8re partie en d\u00e9cembre dernier, nous avons eu l&#8217;occasion de remonter, avec cette seconde session, aux crus plus anciens de Mastroberardino. C&#8217;est Gianni Fabrizio, du Gambero Rosso, qui est venu animer cette soir\u00e9e et 3 de ses amis italiens ont fait le d\u00e9placement depuis Naples pour cette d\u00e9gustation unique, dont un des r\u00e9cents [&hellip;]<\/p>\n","protected":false},"author":3,"featured_media":0,"comment_status":"open","ping_status":"open","sticky":false,"template":"","format":"standard","meta":{"_monsterinsights_skip_tracking":false,"_monsterinsights_sitenote_active":false,"_monsterinsights_sitenote_note":"","_monsterinsights_sitenote_category":0,"footnotes":""},"categories":[1,19],"tags":[],"yoast_head":"<!-- This site is optimized with the Yoast SEO plugin v22.8 - https:\/\/yoast.com\/wordpress\/plugins\/seo\/ -->\n<title>Mastroberardino : Verticale de Taurasi 2\u00e8me partie - PHUSIS<\/title>\n<meta name=\"robots\" content=\"index, follow, max-snippet:-1, max-image-preview:large, max-video-preview:-1\" \/>\n<link rel=\"canonical\" href=\"https:\/\/www.phusis.ch\/vins\/2019\/02\/01\/mastroberardino-verticale-de-taurasi-2eme-partie\/\" \/>\n<meta property=\"og:locale\" content=\"fr_FR\" \/>\n<meta property=\"og:type\" content=\"article\" \/>\n<meta property=\"og:title\" content=\"Mastroberardino : Verticale de Taurasi 2\u00e8me partie - PHUSIS\" \/>\n<meta property=\"og:description\" content=\"Apr\u00e8s une premi\u00e8re partie en d\u00e9cembre dernier, nous avons eu l&#8217;occasion de remonter, avec cette seconde session, aux crus plus anciens de Mastroberardino. C&#8217;est Gianni Fabrizio, du Gambero Rosso, qui est venu animer cette soir\u00e9e et 3 de ses amis italiens ont fait le d\u00e9placement depuis Naples pour cette d\u00e9gustation unique, dont un des r\u00e9cents [&hellip;]\" \/>\n<meta property=\"og:url\" content=\"https:\/\/www.phusis.ch\/vins\/2019\/02\/01\/mastroberardino-verticale-de-taurasi-2eme-partie\/\" \/>\n<meta property=\"og:site_name\" content=\"PHUSIS\" \/>\n<meta property=\"article:published_time\" content=\"2019-02-01T10:03:08+00:00\" \/>\n<meta property=\"og:image\" content=\"http:\/\/www.phusis.ch\/vins\/wp-content\/uploads\/2019\/02\/Taurasi30.01.19-300x146.jpg\" \/>\n<meta name=\"author\" content=\"Steve\" \/>\n<meta name=\"twitter:card\" content=\"summary_large_image\" \/>\n<meta name=\"twitter:label1\" content=\"\u00c9crit par\" \/>\n\t<meta name=\"twitter:data1\" content=\"Steve\" \/>\n\t<meta name=\"twitter:label2\" content=\"Dur\u00e9e de lecture estim\u00e9e\" \/>\n\t<meta name=\"twitter:data2\" content=\"1 minute\" \/>\n<script type=\"application\/ld+json\" class=\"yoast-schema-graph\">{\"@context\":\"https:\/\/schema.org\",\"@graph\":[{\"@type\":\"Article\",\"@id\":\"https:\/\/www.phusis.ch\/vins\/2019\/02\/01\/mastroberardino-verticale-de-taurasi-2eme-partie\/#article\",\"isPartOf\":{\"@id\":\"https:\/\/www.phusis.ch\/vins\/2019\/02\/01\/mastroberardino-verticale-de-taurasi-2eme-partie\/\"},\"author\":{\"name\":\"Steve\",\"@id\":\"http:\/\/www.phusis.ch\/vins\/#\/schema\/person\/65b6385ba0928f6cc1f3b9be20df5365\"},\"headline\":\"Mastroberardino : Verticale de Taurasi 2\u00e8me partie\",\"datePublished\":\"2019-02-01T10:03:08+00:00\",\"dateModified\":\"2019-02-01T10:03:08+00:00\",\"mainEntityOfPage\":{\"@id\":\"https:\/\/www.phusis.ch\/vins\/2019\/02\/01\/mastroberardino-verticale-de-taurasi-2eme-partie\/\"},\"wordCount\":183,\"commentCount\":0,\"publisher\":{\"@id\":\"http:\/\/www.phusis.ch\/vins\/#organization\"},\"image\":{\"@id\":\"https:\/\/www.phusis.ch\/vins\/2019\/02\/01\/mastroberardino-verticale-de-taurasi-2eme-partie\/#primaryimage\"},\"thumbnailUrl\":\"http:\/\/www.phusis.ch\/vins\/wp-content\/uploads\/2019\/02\/Taurasi30.01.19-300x146.jpg\",\"articleSection\":[\"Accueil\",\"Comptes rendus\"],\"inLanguage\":\"fr-FR\",\"potentialAction\":[{\"@type\":\"CommentAction\",\"name\":\"Comment\",\"target\":[\"https:\/\/www.phusis.ch\/vins\/2019\/02\/01\/mastroberardino-verticale-de-taurasi-2eme-partie\/#respond\"]}]},{\"@type\":\"WebPage\",\"@id\":\"https:\/\/www.phusis.ch\/vins\/2019\/02\/01\/mastroberardino-verticale-de-taurasi-2eme-partie\/\",\"url\":\"https:\/\/www.phusis.ch\/vins\/2019\/02\/01\/mastroberardino-verticale-de-taurasi-2eme-partie\/\",\"name\":\"Mastroberardino : Verticale de Taurasi 2\u00e8me partie - PHUSIS\",\"isPartOf\":{\"@id\":\"http:\/\/www.phusis.ch\/vins\/#website\"},\"primaryImageOfPage\":{\"@id\":\"https:\/\/www.phusis.ch\/vins\/2019\/02\/01\/mastroberardino-verticale-de-taurasi-2eme-partie\/#primaryimage\"},\"image\":{\"@id\":\"https:\/\/www.phusis.ch\/vins\/2019\/02\/01\/mastroberardino-verticale-de-taurasi-2eme-partie\/#primaryimage\"},\"thumbnailUrl\":\"http:\/\/www.phusis.ch\/vins\/wp-content\/uploads\/2019\/02\/Taurasi30.01.19-300x146.jpg\",\"datePublished\":\"2019-02-01T10:03:08+00:00\",\"dateModified\":\"2019-02-01T10:03:08+00:00\",\"breadcrumb\":{\"@id\":\"https:\/\/www.phusis.ch\/vins\/2019\/02\/01\/mastroberardino-verticale-de-taurasi-2eme-partie\/#breadcrumb\"},\"inLanguage\":\"fr-FR\",\"potentialAction\":[{\"@type\":\"ReadAction\",\"target\":[\"https:\/\/www.phusis.ch\/vins\/2019\/02\/01\/mastroberardino-verticale-de-taurasi-2eme-partie\/\"]}]},{\"@type\":\"ImageObject\",\"inLanguage\":\"fr-FR\",\"@id\":\"https:\/\/www.phusis.ch\/vins\/2019\/02\/01\/mastroberardino-verticale-de-taurasi-2eme-partie\/#primaryimage\",\"url\":\"http:\/\/www.phusis.ch\/vins\/wp-content\/uploads\/2019\/02\/Taurasi30.01.19.jpg\",\"contentUrl\":\"http:\/\/www.phusis.ch\/vins\/wp-content\/uploads\/2019\/02\/Taurasi30.01.19.jpg\",\"width\":1024,\"height\":498},{\"@type\":\"BreadcrumbList\",\"@id\":\"https:\/\/www.phusis.ch\/vins\/2019\/02\/01\/mastroberardino-verticale-de-taurasi-2eme-partie\/#breadcrumb\",\"itemListElement\":[{\"@type\":\"ListItem\",\"position\":1,\"name\":\"Accueil\",\"item\":\"http:\/\/www.phusis.ch\/vins\/\"},{\"@type\":\"ListItem\",\"position\":2,\"name\":\"Mastroberardino : Verticale de Taurasi 2\u00e8me partie\"}]},{\"@type\":\"WebSite\",\"@id\":\"http:\/\/www.phusis.ch\/vins\/#website\",\"url\":\"http:\/\/www.phusis.ch\/vins\/\",\"name\":\"PHUSIS\",\"description\":\"Phusis | Une exp\u00e9rience du vin\",\"publisher\":{\"@id\":\"http:\/\/www.phusis.ch\/vins\/#organization\"},\"potentialAction\":[{\"@type\":\"SearchAction\",\"target\":{\"@type\":\"EntryPoint\",\"urlTemplate\":\"http:\/\/www.phusis.ch\/vins\/?s={search_term_string}\"},\"query-input\":\"required name=search_term_string\"}],\"inLanguage\":\"fr-FR\"},{\"@type\":\"Organization\",\"@id\":\"http:\/\/www.phusis.ch\/vins\/#organization\",\"name\":\"PHUSIS\",\"url\":\"http:\/\/www.phusis.ch\/vins\/\",\"logo\":{\"@type\":\"ImageObject\",\"inLanguage\":\"fr-FR\",\"@id\":\"http:\/\/www.phusis.ch\/vins\/#\/schema\/logo\/image\/\",\"url\":\"http:\/\/www.phusis.ch\/vins\/wp-content\/uploads\/2021\/06\/Oiseau-PHUSIS-Transparent-1024x1024-1.png\",\"contentUrl\":\"http:\/\/www.phusis.ch\/vins\/wp-content\/uploads\/2021\/06\/Oiseau-PHUSIS-Transparent-1024x1024-1.png\",\"width\":1024,\"height\":1024,\"caption\":\"PHUSIS\"},\"image\":{\"@id\":\"http:\/\/www.phusis.ch\/vins\/#\/schema\/logo\/image\/\"}},{\"@type\":\"Person\",\"@id\":\"http:\/\/www.phusis.ch\/vins\/#\/schema\/person\/65b6385ba0928f6cc1f3b9be20df5365\",\"name\":\"Steve\",\"url\":\"http:\/\/www.phusis.ch\/vins\/author\/steveb\/\"}]}<\/script>\n<!-- \/ Yoast SEO plugin. -->","yoast_head_json":{"title":"Mastroberardino : Verticale de Taurasi 2\u00e8me partie - PHUSIS","robots":{"index":"index","follow":"follow","max-snippet":"max-snippet:-1","max-image-preview":"max-image-preview:large","max-video-preview":"max-video-preview:-1"},"canonical":"https:\/\/www.phusis.ch\/vins\/2019\/02\/01\/mastroberardino-verticale-de-taurasi-2eme-partie\/","og_locale":"fr_FR","og_type":"article","og_title":"Mastroberardino : Verticale de Taurasi 2\u00e8me partie - PHUSIS","og_description":"Apr\u00e8s une premi\u00e8re partie en d\u00e9cembre dernier, nous avons eu l&#8217;occasion de remonter, avec cette seconde session, aux crus plus anciens de Mastroberardino. C&#8217;est Gianni Fabrizio, du Gambero Rosso, qui est venu animer cette soir\u00e9e et 3 de ses amis italiens ont fait le d\u00e9placement depuis Naples pour cette d\u00e9gustation unique, dont un des r\u00e9cents [&hellip;]","og_url":"https:\/\/www.phusis.ch\/vins\/2019\/02\/01\/mastroberardino-verticale-de-taurasi-2eme-partie\/","og_site_name":"PHUSIS","article_published_time":"2019-02-01T10:03:08+00:00","og_image":[{"url":"http:\/\/www.phusis.ch\/vins\/wp-content\/uploads\/2019\/02\/Taurasi30.01.19-300x146.jpg"}],"author":"Steve","twitter_card":"summary_large_image","twitter_misc":{"\u00c9crit par":"Steve","Dur\u00e9e de lecture estim\u00e9e":"1 minute"},"schema":{"@context":"https:\/\/schema.org","@graph":[{"@type":"Article","@id":"https:\/\/www.phusis.ch\/vins\/2019\/02\/01\/mastroberardino-verticale-de-taurasi-2eme-partie\/#article","isPartOf":{"@id":"https:\/\/www.phusis.ch\/vins\/2019\/02\/01\/mastroberardino-verticale-de-taurasi-2eme-partie\/"},"author":{"name":"Steve","@id":"http:\/\/www.phusis.ch\/vins\/#\/schema\/person\/65b6385ba0928f6cc1f3b9be20df5365"},"headline":"Mastroberardino : Verticale de Taurasi 2\u00e8me partie","datePublished":"2019-02-01T10:03:08+00:00","dateModified":"2019-02-01T10:03:08+00:00","mainEntityOfPage":{"@id":"https:\/\/www.phusis.ch\/vins\/2019\/02\/01\/mastroberardino-verticale-de-taurasi-2eme-partie\/"},"wordCount":183,"commentCount":0,"publisher":{"@id":"http:\/\/www.phusis.ch\/vins\/#organization"},"image":{"@id":"https:\/\/www.phusis.ch\/vins\/2019\/02\/01\/mastroberardino-verticale-de-taurasi-2eme-partie\/#primaryimage"},"thumbnailUrl":"http:\/\/www.phusis.ch\/vins\/wp-content\/uploads\/2019\/02\/Taurasi30.01.19-300x146.jpg","articleSection":["Accueil","Comptes rendus"],"inLanguage":"fr-FR","potentialAction":[{"@type":"CommentAction","name":"Comment","target":["https:\/\/www.phusis.ch\/vins\/2019\/02\/01\/mastroberardino-verticale-de-taurasi-2eme-partie\/#respond"]}]},{"@type":"WebPage","@id":"https:\/\/www.phusis.ch\/vins\/2019\/02\/01\/mastroberardino-verticale-de-taurasi-2eme-partie\/","url":"https:\/\/www.phusis.ch\/vins\/2019\/02\/01\/mastroberardino-verticale-de-taurasi-2eme-partie\/","name":"Mastroberardino : Verticale de Taurasi 2\u00e8me partie - PHUSIS","isPartOf":{"@id":"http:\/\/www.phusis.ch\/vins\/#website"},"primaryImageOfPage":{"@id":"https:\/\/www.phusis.ch\/vins\/2019\/02\/01\/mastroberardino-verticale-de-taurasi-2eme-partie\/#primaryimage"},"image":{"@id":"https:\/\/www.phusis.ch\/vins\/2019\/02\/01\/mastroberardino-verticale-de-taurasi-2eme-partie\/#primaryimage"},"thumbnailUrl":"http:\/\/www.phusis.ch\/vins\/wp-content\/uploads\/2019\/02\/Taurasi30.01.19-300x146.jpg","datePublished":"2019-02-01T10:03:08+00:00","dateModified":"2019-02-01T10:03:08+00:00","breadcrumb":{"@id":"https:\/\/www.phusis.ch\/vins\/2019\/02\/01\/mastroberardino-verticale-de-taurasi-2eme-partie\/#breadcrumb"},"inLanguage":"fr-FR","potentialAction":[{"@type":"ReadAction","target":["https:\/\/www.phusis.ch\/vins\/2019\/02\/01\/mastroberardino-verticale-de-taurasi-2eme-partie\/"]}]},{"@type":"ImageObject","inLanguage":"fr-FR","@id":"https:\/\/www.phusis.ch\/vins\/2019\/02\/01\/mastroberardino-verticale-de-taurasi-2eme-partie\/#primaryimage","url":"http:\/\/www.phusis.ch\/vins\/wp-content\/uploads\/2019\/02\/Taurasi30.01.19.jpg","contentUrl":"http:\/\/www.phusis.ch\/vins\/wp-content\/uploads\/2019\/02\/Taurasi30.01.19.jpg","width":1024,"height":498},{"@type":"BreadcrumbList","@id":"https:\/\/www.phusis.ch\/vins\/2019\/02\/01\/mastroberardino-verticale-de-taurasi-2eme-partie\/#breadcrumb","itemListElement":[{"@type":"ListItem","position":1,"name":"Accueil","item":"http:\/\/www.phusis.ch\/vins\/"},{"@type":"ListItem","position":2,"name":"Mastroberardino : Verticale de Taurasi 2\u00e8me partie"}]},{"@type":"WebSite","@id":"http:\/\/www.phusis.ch\/vins\/#website","url":"http:\/\/www.phusis.ch\/vins\/","name":"PHUSIS","description":"Phusis | Une exp\u00e9rience du vin","publisher":{"@id":"http:\/\/www.phusis.ch\/vins\/#organization"},"potentialAction":[{"@type":"SearchAction","target":{"@type":"EntryPoint","urlTemplate":"http:\/\/www.phusis.ch\/vins\/?s={search_term_string}"},"query-input":"required name=search_term_string"}],"inLanguage":"fr-FR"},{"@type":"Organization","@id":"http:\/\/www.phusis.ch\/vins\/#organization","name":"PHUSIS","url":"http:\/\/www.phusis.ch\/vins\/","logo":{"@type":"ImageObject","inLanguage":"fr-FR","@id":"http:\/\/www.phusis.ch\/vins\/#\/schema\/logo\/image\/","url":"http:\/\/www.phusis.ch\/vins\/wp-content\/uploads\/2021\/06\/Oiseau-PHUSIS-Transparent-1024x1024-1.png","contentUrl":"http:\/\/www.phusis.ch\/vins\/wp-content\/uploads\/2021\/06\/Oiseau-PHUSIS-Transparent-1024x1024-1.png","width":1024,"height":1024,"caption":"PHUSIS"},"image":{"@id":"http:\/\/www.phusis.ch\/vins\/#\/schema\/logo\/image\/"}},{"@type":"Person","@id":"http:\/\/www.phusis.ch\/vins\/#\/schema\/person\/65b6385ba0928f6cc1f3b9be20df5365","name":"Steve","url":"http:\/\/www.phusis.ch\/vins\/author\/steveb\/"}]}},"_links":{"self":[{"href":"http:\/\/www.phusis.ch\/vins\/wp-json\/wp\/v2\/posts\/3722"}],"collection":[{"href":"http:\/\/www.phusis.ch\/vins\/wp-json\/wp\/v2\/posts"}],"about":[{"href":"http:\/\/www.phusis.ch\/vins\/wp-json\/wp\/v2\/types\/post"}],"author":[{"embeddable":true,"href":"http:\/\/www.phusis.ch\/vins\/wp-json\/wp\/v2\/users\/3"}],"replies":[{"embeddable":true,"href":"http:\/\/www.phusis.ch\/vins\/wp-json\/wp\/v2\/comments?post=3722"}],"version-history":[{"count":3,"href":"http:\/\/www.phusis.ch\/vins\/wp-json\/wp\/v2\/posts\/3722\/revisions"}],"predecessor-version":[{"id":3726,"href":"http:\/\/www.phusis.ch\/vins\/wp-json\/wp\/v2\/posts\/3722\/revisions\/3726"}],"wp:attachment":[{"href":"http:\/\/www.phusis.ch\/vins\/wp-json\/wp\/v2\/media?parent=3722"}],"wp:term":[{"taxonomy":"category","embeddable":true,"href":"http:\/\/www.phusis.ch\/vins\/wp-json\/wp\/v2\/categories?post=3722"},{"taxonomy":"post_tag","embeddable":true,"href":"http:\/\/www.phusis.ch\/vins\/wp-json\/wp\/v2\/tags?post=3722"}],"curies":[{"name":"wp","href":"https:\/\/api.w.org\/{rel}","templated":true}]}}