{"id":3731,"date":"2019-03-01T17:50:19","date_gmt":"2019-03-01T16:50:19","guid":{"rendered":"http:\/\/www.phusis.ch\/steve\/?p=3731"},"modified":"2019-03-01T17:50:28","modified_gmt":"2019-03-01T16:50:28","slug":"verticale-de-chateau-pibarnon","status":"publish","type":"post","link":"http:\/\/www.phusis.ch\/vins\/2019\/03\/01\/verticale-de-chateau-pibarnon\/","title":{"rendered":"Verticale de Ch\u00e2teau Pibarnon"},"content":{"rendered":"<p><a href=\"http:\/\/www.phusis.ch\/vins\/wp-content\/uploads\/2019\/03\/Pibarnon.jpg\"><img fetchpriority=\"high\" decoding=\"async\" class=\"alignright size-medium wp-image-3733\" src=\"http:\/\/www.phusis.ch\/vins\/wp-content\/uploads\/2019\/03\/Pibarnon-300x225.jpg\" alt=\"\" width=\"300\" height=\"225\" srcset=\"http:\/\/www.phusis.ch\/vins\/wp-content\/uploads\/2019\/03\/Pibarnon-300x225.jpg 300w, http:\/\/www.phusis.ch\/vins\/wp-content\/uploads\/2019\/03\/Pibarnon-768x576.jpg 768w, http:\/\/www.phusis.ch\/vins\/wp-content\/uploads\/2019\/03\/Pibarnon.jpg 1024w\" sizes=\"(max-width: 300px) 100vw, 300px\" \/><\/a>Le 20 f\u00e9vrier dernier, PHUSIS a eu le plaisir de mettre sur pied une verticale de Ch\u00e2teau Pibarnon, fer de lance de l&#8217;appellation Bandol. Un peu \u00e0 part des autres vins du coin, Pibarnon se distingue par son \u00e9l\u00e9gance aromatique et sa d\u00e9licatesse de texture. D&#8217;abord un peu monolithique, type pur jus de fruit, ce vin prend une belle profondeur avec le temps.<\/p>\n<p>Voici les vins d\u00e9gust\u00e9s avec un ou deux mots pour les dire.<\/p>\n<p>A1\u00a0 Ch\u00e2teau de Pibarnon 2015 : cassis<\/p>\n<p>A2\u00a0 Ch\u00e2teau de Pibarnon 2014 : structur\u00e9<\/p>\n<p>B1\u00a0 Ch\u00e2teau de Pibarnon 2013 : d\u00e9licat<\/p>\n<p>B2\u00a0 Ch\u00e2teau de Pibarnon 2012 : tannin un peu sec<\/p>\n<p>C1\u00a0 Ch\u00e2teau de Pibarnon 2011 : opulent<\/p>\n<p>C2\u00a0 Ch\u00e2teau de Pibarnon 2010 : ample<\/p>\n<p>D1\u00a0 Ch\u00e2teau de Pibarnon 2007 : animal<\/p>\n<p>D2\u00a0 Ch\u00e2teau de Pibarnon 2006 : figu\u00e9<\/p>\n<p>E1\u00a0 Ch\u00e2teau de Pibarnon 2005 : souple, \u00e0 boire<\/p>\n<p>E2\u00a0 Domaine de la B\u00e9gude La Br\u00fblade 2004 : confit<\/p>\n<p>F1\u00a0 Ch\u00e2teau de Pibarnon 2000 : aristocratique<\/p>\n<p>F2\u00a0 Ch\u00e2teau de Pibarnon 1998 : musc<\/p>\n<p>G1\u00a0 Ch\u00e2teau de Pibarnon 1997 : li\u00e9geux<\/p>\n<p>G2\u00a0 Ch\u00e2teau de Pibarnon 1995 : lumineux<\/p>\n<p>H1\u00a0 Ch\u00e2teau de Pibarnon 1989 : a\u00e9rien<\/p>\n<p>H2\u00a0 Ch\u00e2teau Pradeaux 1989 : fonc\u00e9 et jeune<\/p>\n\n\t\t\t<div style=\"clear: both; float: none;\" class=\"ratepost-clear\"><\/div>\n\t\t\t<div id=\"ratepost-3731\" class=\"ratepost\" rel=\"3\">\n\t\t\t\t\t<span class=\"rating3\"><div class=\"star1\" rel=\"1\"><\/div><div class=\"star2\" rel=\"2\"><\/div><div class=\"star3\" rel=\"3\"><\/div><div class=\"star4\" rel=\"4\"><\/div><div class=\"star5\" rel=\"5\"><\/div><\/span>\n\t\t\t\t<div class=\"status-info\"><\/div>\n\t\t<\/div><div style=\"clear: both; float: none;\" class=\"ratepost-clear\"><\/div>","protected":false},"excerpt":{"rendered":"<p>Le 20 f\u00e9vrier dernier, PHUSIS a eu le plaisir de mettre sur pied une verticale de Ch\u00e2teau Pibarnon, fer de lance de l&#8217;appellation Bandol. Un peu \u00e0 part des autres vins du coin, Pibarnon se distingue par son \u00e9l\u00e9gance aromatique et sa d\u00e9licatesse de texture. D&#8217;abord un peu monolithique, type pur jus de fruit, ce [&hellip;]<\/p>\n","protected":false},"author":3,"featured_media":0,"comment_status":"open","ping_status":"open","sticky":false,"template":"","format":"standard","meta":{"_monsterinsights_skip_tracking":false,"_monsterinsights_sitenote_active":false,"_monsterinsights_sitenote_note":"","_monsterinsights_sitenote_category":0,"footnotes":""},"categories":[1,19],"tags":[],"yoast_head":"<!-- This site is optimized with the Yoast SEO plugin v22.8 - https:\/\/yoast.com\/wordpress\/plugins\/seo\/ -->\n<title>Verticale de Ch\u00e2teau Pibarnon - PHUSIS<\/title>\n<meta name=\"robots\" content=\"index, follow, max-snippet:-1, max-image-preview:large, max-video-preview:-1\" \/>\n<link rel=\"canonical\" href=\"http:\/\/www.phusis.ch\/vins\/2019\/03\/01\/verticale-de-chateau-pibarnon\/\" \/>\n<meta property=\"og:locale\" content=\"fr_FR\" \/>\n<meta property=\"og:type\" content=\"article\" \/>\n<meta property=\"og:title\" content=\"Verticale de Ch\u00e2teau Pibarnon - PHUSIS\" \/>\n<meta property=\"og:description\" content=\"Le 20 f\u00e9vrier dernier, PHUSIS a eu le plaisir de mettre sur pied une verticale de Ch\u00e2teau Pibarnon, fer de lance de l&#8217;appellation Bandol. Un peu \u00e0 part des autres vins du coin, Pibarnon se distingue par son \u00e9l\u00e9gance aromatique et sa d\u00e9licatesse de texture. D&#8217;abord un peu monolithique, type pur jus de fruit, ce [&hellip;]\" \/>\n<meta property=\"og:url\" content=\"http:\/\/www.phusis.ch\/vins\/2019\/03\/01\/verticale-de-chateau-pibarnon\/\" \/>\n<meta property=\"og:site_name\" content=\"PHUSIS\" \/>\n<meta property=\"article:published_time\" content=\"2019-03-01T16:50:19+00:00\" \/>\n<meta property=\"article:modified_time\" content=\"2019-03-01T16:50:28+00:00\" \/>\n<meta property=\"og:image\" content=\"http:\/\/www.phusis.ch\/vins\/wp-content\/uploads\/2019\/03\/Pibarnon-300x225.jpg\" \/>\n<meta name=\"author\" content=\"Steve\" \/>\n<meta name=\"twitter:card\" content=\"summary_large_image\" \/>\n<meta name=\"twitter:label1\" content=\"\u00c9crit par\" \/>\n\t<meta name=\"twitter:data1\" content=\"Steve\" \/>\n\t<meta name=\"twitter:label2\" content=\"Dur\u00e9e de lecture estim\u00e9e\" \/>\n\t<meta name=\"twitter:data2\" content=\"1 minute\" \/>\n<script type=\"application\/ld+json\" class=\"yoast-schema-graph\">{\"@context\":\"https:\/\/schema.org\",\"@graph\":[{\"@type\":\"Article\",\"@id\":\"http:\/\/www.phusis.ch\/vins\/2019\/03\/01\/verticale-de-chateau-pibarnon\/#article\",\"isPartOf\":{\"@id\":\"http:\/\/www.phusis.ch\/vins\/2019\/03\/01\/verticale-de-chateau-pibarnon\/\"},\"author\":{\"name\":\"Steve\",\"@id\":\"http:\/\/www.phusis.ch\/vins\/#\/schema\/person\/65b6385ba0928f6cc1f3b9be20df5365\"},\"headline\":\"Verticale de Ch\u00e2teau Pibarnon\",\"datePublished\":\"2019-03-01T16:50:19+00:00\",\"dateModified\":\"2019-03-01T16:50:28+00:00\",\"mainEntityOfPage\":{\"@id\":\"http:\/\/www.phusis.ch\/vins\/2019\/03\/01\/verticale-de-chateau-pibarnon\/\"},\"wordCount\":192,\"commentCount\":0,\"publisher\":{\"@id\":\"http:\/\/www.phusis.ch\/vins\/#organization\"},\"image\":{\"@id\":\"http:\/\/www.phusis.ch\/vins\/2019\/03\/01\/verticale-de-chateau-pibarnon\/#primaryimage\"},\"thumbnailUrl\":\"http:\/\/www.phusis.ch\/vins\/wp-content\/uploads\/2019\/03\/Pibarnon-300x225.jpg\",\"articleSection\":[\"Accueil\",\"Comptes rendus\"],\"inLanguage\":\"fr-FR\",\"potentialAction\":[{\"@type\":\"CommentAction\",\"name\":\"Comment\",\"target\":[\"http:\/\/www.phusis.ch\/vins\/2019\/03\/01\/verticale-de-chateau-pibarnon\/#respond\"]}]},{\"@type\":\"WebPage\",\"@id\":\"http:\/\/www.phusis.ch\/vins\/2019\/03\/01\/verticale-de-chateau-pibarnon\/\",\"url\":\"http:\/\/www.phusis.ch\/vins\/2019\/03\/01\/verticale-de-chateau-pibarnon\/\",\"name\":\"Verticale de Ch\u00e2teau Pibarnon - PHUSIS\",\"isPartOf\":{\"@id\":\"http:\/\/www.phusis.ch\/vins\/#website\"},\"primaryImageOfPage\":{\"@id\":\"http:\/\/www.phusis.ch\/vins\/2019\/03\/01\/verticale-de-chateau-pibarnon\/#primaryimage\"},\"image\":{\"@id\":\"http:\/\/www.phusis.ch\/vins\/2019\/03\/01\/verticale-de-chateau-pibarnon\/#primaryimage\"},\"thumbnailUrl\":\"http:\/\/www.phusis.ch\/vins\/wp-content\/uploads\/2019\/03\/Pibarnon-300x225.jpg\",\"datePublished\":\"2019-03-01T16:50:19+00:00\",\"dateModified\":\"2019-03-01T16:50:28+00:00\",\"breadcrumb\":{\"@id\":\"http:\/\/www.phusis.ch\/vins\/2019\/03\/01\/verticale-de-chateau-pibarnon\/#breadcrumb\"},\"inLanguage\":\"fr-FR\",\"potentialAction\":[{\"@type\":\"ReadAction\",\"target\":[\"http:\/\/www.phusis.ch\/vins\/2019\/03\/01\/verticale-de-chateau-pibarnon\/\"]}]},{\"@type\":\"ImageObject\",\"inLanguage\":\"fr-FR\",\"@id\":\"http:\/\/www.phusis.ch\/vins\/2019\/03\/01\/verticale-de-chateau-pibarnon\/#primaryimage\",\"url\":\"http:\/\/www.phusis.ch\/vins\/wp-content\/uploads\/2019\/03\/Pibarnon.jpg\",\"contentUrl\":\"http:\/\/www.phusis.ch\/vins\/wp-content\/uploads\/2019\/03\/Pibarnon.jpg\",\"width\":1024,\"height\":768},{\"@type\":\"BreadcrumbList\",\"@id\":\"http:\/\/www.phusis.ch\/vins\/2019\/03\/01\/verticale-de-chateau-pibarnon\/#breadcrumb\",\"itemListElement\":[{\"@type\":\"ListItem\",\"position\":1,\"name\":\"Accueil\",\"item\":\"http:\/\/www.phusis.ch\/vins\/\"},{\"@type\":\"ListItem\",\"position\":2,\"name\":\"Verticale de Ch\u00e2teau Pibarnon\"}]},{\"@type\":\"WebSite\",\"@id\":\"http:\/\/www.phusis.ch\/vins\/#website\",\"url\":\"http:\/\/www.phusis.ch\/vins\/\",\"name\":\"PHUSIS\",\"description\":\"Phusis | Une exp\u00e9rience du vin\",\"publisher\":{\"@id\":\"http:\/\/www.phusis.ch\/vins\/#organization\"},\"potentialAction\":[{\"@type\":\"SearchAction\",\"target\":{\"@type\":\"EntryPoint\",\"urlTemplate\":\"http:\/\/www.phusis.ch\/vins\/?s={search_term_string}\"},\"query-input\":\"required name=search_term_string\"}],\"inLanguage\":\"fr-FR\"},{\"@type\":\"Organization\",\"@id\":\"http:\/\/www.phusis.ch\/vins\/#organization\",\"name\":\"PHUSIS\",\"url\":\"http:\/\/www.phusis.ch\/vins\/\",\"logo\":{\"@type\":\"ImageObject\",\"inLanguage\":\"fr-FR\",\"@id\":\"http:\/\/www.phusis.ch\/vins\/#\/schema\/logo\/image\/\",\"url\":\"http:\/\/www.phusis.ch\/vins\/wp-content\/uploads\/2021\/06\/Oiseau-PHUSIS-Transparent-1024x1024-1.png\",\"contentUrl\":\"http:\/\/www.phusis.ch\/vins\/wp-content\/uploads\/2021\/06\/Oiseau-PHUSIS-Transparent-1024x1024-1.png\",\"width\":1024,\"height\":1024,\"caption\":\"PHUSIS\"},\"image\":{\"@id\":\"http:\/\/www.phusis.ch\/vins\/#\/schema\/logo\/image\/\"}},{\"@type\":\"Person\",\"@id\":\"http:\/\/www.phusis.ch\/vins\/#\/schema\/person\/65b6385ba0928f6cc1f3b9be20df5365\",\"name\":\"Steve\",\"url\":\"http:\/\/www.phusis.ch\/vins\/author\/steveb\/\"}]}<\/script>\n<!-- \/ Yoast SEO plugin. -->","yoast_head_json":{"title":"Verticale de Ch\u00e2teau Pibarnon - PHUSIS","robots":{"index":"index","follow":"follow","max-snippet":"max-snippet:-1","max-image-preview":"max-image-preview:large","max-video-preview":"max-video-preview:-1"},"canonical":"http:\/\/www.phusis.ch\/vins\/2019\/03\/01\/verticale-de-chateau-pibarnon\/","og_locale":"fr_FR","og_type":"article","og_title":"Verticale de Ch\u00e2teau Pibarnon - PHUSIS","og_description":"Le 20 f\u00e9vrier dernier, PHUSIS a eu le plaisir de mettre sur pied une verticale de Ch\u00e2teau Pibarnon, fer de lance de l&#8217;appellation Bandol. Un peu \u00e0 part des autres vins du coin, Pibarnon se distingue par son \u00e9l\u00e9gance aromatique et sa d\u00e9licatesse de texture. D&#8217;abord un peu monolithique, type pur jus de fruit, ce [&hellip;]","og_url":"http:\/\/www.phusis.ch\/vins\/2019\/03\/01\/verticale-de-chateau-pibarnon\/","og_site_name":"PHUSIS","article_published_time":"2019-03-01T16:50:19+00:00","article_modified_time":"2019-03-01T16:50:28+00:00","og_image":[{"url":"http:\/\/www.phusis.ch\/vins\/wp-content\/uploads\/2019\/03\/Pibarnon-300x225.jpg"}],"author":"Steve","twitter_card":"summary_large_image","twitter_misc":{"\u00c9crit par":"Steve","Dur\u00e9e de lecture estim\u00e9e":"1 minute"},"schema":{"@context":"https:\/\/schema.org","@graph":[{"@type":"Article","@id":"http:\/\/www.phusis.ch\/vins\/2019\/03\/01\/verticale-de-chateau-pibarnon\/#article","isPartOf":{"@id":"http:\/\/www.phusis.ch\/vins\/2019\/03\/01\/verticale-de-chateau-pibarnon\/"},"author":{"name":"Steve","@id":"http:\/\/www.phusis.ch\/vins\/#\/schema\/person\/65b6385ba0928f6cc1f3b9be20df5365"},"headline":"Verticale de Ch\u00e2teau Pibarnon","datePublished":"2019-03-01T16:50:19+00:00","dateModified":"2019-03-01T16:50:28+00:00","mainEntityOfPage":{"@id":"http:\/\/www.phusis.ch\/vins\/2019\/03\/01\/verticale-de-chateau-pibarnon\/"},"wordCount":192,"commentCount":0,"publisher":{"@id":"http:\/\/www.phusis.ch\/vins\/#organization"},"image":{"@id":"http:\/\/www.phusis.ch\/vins\/2019\/03\/01\/verticale-de-chateau-pibarnon\/#primaryimage"},"thumbnailUrl":"http:\/\/www.phusis.ch\/vins\/wp-content\/uploads\/2019\/03\/Pibarnon-300x225.jpg","articleSection":["Accueil","Comptes rendus"],"inLanguage":"fr-FR","potentialAction":[{"@type":"CommentAction","name":"Comment","target":["http:\/\/www.phusis.ch\/vins\/2019\/03\/01\/verticale-de-chateau-pibarnon\/#respond"]}]},{"@type":"WebPage","@id":"http:\/\/www.phusis.ch\/vins\/2019\/03\/01\/verticale-de-chateau-pibarnon\/","url":"http:\/\/www.phusis.ch\/vins\/2019\/03\/01\/verticale-de-chateau-pibarnon\/","name":"Verticale de Ch\u00e2teau Pibarnon - PHUSIS","isPartOf":{"@id":"http:\/\/www.phusis.ch\/vins\/#website"},"primaryImageOfPage":{"@id":"http:\/\/www.phusis.ch\/vins\/2019\/03\/01\/verticale-de-chateau-pibarnon\/#primaryimage"},"image":{"@id":"http:\/\/www.phusis.ch\/vins\/2019\/03\/01\/verticale-de-chateau-pibarnon\/#primaryimage"},"thumbnailUrl":"http:\/\/www.phusis.ch\/vins\/wp-content\/uploads\/2019\/03\/Pibarnon-300x225.jpg","datePublished":"2019-03-01T16:50:19+00:00","dateModified":"2019-03-01T16:50:28+00:00","breadcrumb":{"@id":"http:\/\/www.phusis.ch\/vins\/2019\/03\/01\/verticale-de-chateau-pibarnon\/#breadcrumb"},"inLanguage":"fr-FR","potentialAction":[{"@type":"ReadAction","target":["http:\/\/www.phusis.ch\/vins\/2019\/03\/01\/verticale-de-chateau-pibarnon\/"]}]},{"@type":"ImageObject","inLanguage":"fr-FR","@id":"http:\/\/www.phusis.ch\/vins\/2019\/03\/01\/verticale-de-chateau-pibarnon\/#primaryimage","url":"http:\/\/www.phusis.ch\/vins\/wp-content\/uploads\/2019\/03\/Pibarnon.jpg","contentUrl":"http:\/\/www.phusis.ch\/vins\/wp-content\/uploads\/2019\/03\/Pibarnon.jpg","width":1024,"height":768},{"@type":"BreadcrumbList","@id":"http:\/\/www.phusis.ch\/vins\/2019\/03\/01\/verticale-de-chateau-pibarnon\/#breadcrumb","itemListElement":[{"@type":"ListItem","position":1,"name":"Accueil","item":"http:\/\/www.phusis.ch\/vins\/"},{"@type":"ListItem","position":2,"name":"Verticale de Ch\u00e2teau Pibarnon"}]},{"@type":"WebSite","@id":"http:\/\/www.phusis.ch\/vins\/#website","url":"http:\/\/www.phusis.ch\/vins\/","name":"PHUSIS","description":"Phusis | Une exp\u00e9rience du vin","publisher":{"@id":"http:\/\/www.phusis.ch\/vins\/#organization"},"potentialAction":[{"@type":"SearchAction","target":{"@type":"EntryPoint","urlTemplate":"http:\/\/www.phusis.ch\/vins\/?s={search_term_string}"},"query-input":"required name=search_term_string"}],"inLanguage":"fr-FR"},{"@type":"Organization","@id":"http:\/\/www.phusis.ch\/vins\/#organization","name":"PHUSIS","url":"http:\/\/www.phusis.ch\/vins\/","logo":{"@type":"ImageObject","inLanguage":"fr-FR","@id":"http:\/\/www.phusis.ch\/vins\/#\/schema\/logo\/image\/","url":"http:\/\/www.phusis.ch\/vins\/wp-content\/uploads\/2021\/06\/Oiseau-PHUSIS-Transparent-1024x1024-1.png","contentUrl":"http:\/\/www.phusis.ch\/vins\/wp-content\/uploads\/2021\/06\/Oiseau-PHUSIS-Transparent-1024x1024-1.png","width":1024,"height":1024,"caption":"PHUSIS"},"image":{"@id":"http:\/\/www.phusis.ch\/vins\/#\/schema\/logo\/image\/"}},{"@type":"Person","@id":"http:\/\/www.phusis.ch\/vins\/#\/schema\/person\/65b6385ba0928f6cc1f3b9be20df5365","name":"Steve","url":"http:\/\/www.phusis.ch\/vins\/author\/steveb\/"}]}},"_links":{"self":[{"href":"http:\/\/www.phusis.ch\/vins\/wp-json\/wp\/v2\/posts\/3731"}],"collection":[{"href":"http:\/\/www.phusis.ch\/vins\/wp-json\/wp\/v2\/posts"}],"about":[{"href":"http:\/\/www.phusis.ch\/vins\/wp-json\/wp\/v2\/types\/post"}],"author":[{"embeddable":true,"href":"http:\/\/www.phusis.ch\/vins\/wp-json\/wp\/v2\/users\/3"}],"replies":[{"embeddable":true,"href":"http:\/\/www.phusis.ch\/vins\/wp-json\/wp\/v2\/comments?post=3731"}],"version-history":[{"count":2,"href":"http:\/\/www.phusis.ch\/vins\/wp-json\/wp\/v2\/posts\/3731\/revisions"}],"predecessor-version":[{"id":3734,"href":"http:\/\/www.phusis.ch\/vins\/wp-json\/wp\/v2\/posts\/3731\/revisions\/3734"}],"wp:attachment":[{"href":"http:\/\/www.phusis.ch\/vins\/wp-json\/wp\/v2\/media?parent=3731"}],"wp:term":[{"taxonomy":"category","embeddable":true,"href":"http:\/\/www.phusis.ch\/vins\/wp-json\/wp\/v2\/categories?post=3731"},{"taxonomy":"post_tag","embeddable":true,"href":"http:\/\/www.phusis.ch\/vins\/wp-json\/wp\/v2\/tags?post=3731"}],"curies":[{"name":"wp","href":"https:\/\/api.w.org\/{rel}","templated":true}]}}