{"id":3754,"date":"2019-04-15T21:42:44","date_gmt":"2019-04-15T19:42:44","guid":{"rendered":"http:\/\/www.phusis.ch\/steve\/?p=3754"},"modified":"2019-04-15T21:42:44","modified_gmt":"2019-04-15T19:42:44","slug":"balade-en-echezeaux","status":"publish","type":"post","link":"http:\/\/www.phusis.ch\/vins\/2019\/04\/15\/balade-en-echezeaux\/","title":{"rendered":"Balade en Ech\u00e9zeaux"},"content":{"rendered":"<p><a href=\"http:\/\/www.phusis.ch\/vins\/wp-content\/uploads\/2019\/04\/Ech\u00e9zeaux2019.jpg\"><img decoding=\"async\" class=\"alignright size-medium wp-image-3756\" src=\"http:\/\/www.phusis.ch\/vins\/wp-content\/uploads\/2019\/04\/Ech\u00e9zeaux2019-300x146.jpg\" alt=\"\" width=\"300\" height=\"146\" srcset=\"http:\/\/www.phusis.ch\/vins\/wp-content\/uploads\/2019\/04\/Ech\u00e9zeaux2019-300x146.jpg 300w, http:\/\/www.phusis.ch\/vins\/wp-content\/uploads\/2019\/04\/Ech\u00e9zeaux2019-768x373.jpg 768w, http:\/\/www.phusis.ch\/vins\/wp-content\/uploads\/2019\/04\/Ech\u00e9zeaux2019-1024x498.jpg 1024w\" sizes=\"(max-width: 300px) 100vw, 300px\" \/><\/a>Apr\u00e8s sa balade en Bonnes-Mares puis en Latrici\u00e8res-Chambertin, PHUSIS a continu\u00e9 avec les Ech\u00e9zeaux. En effet, en date du 27 mars dernier, l&#8217;occasion \u00e9t\u00e9 donn\u00e9e de d\u00e9guster toute une s\u00e9rie d&#8217;Ech\u00e9zeaux \u00e0 maturit\u00e9. Une d\u00e9gustation exceptionnelle o\u00f9 tous les vins ont \u00e9t\u00e9 avenants, joyeux, faciles, dans le bon sens du terme !<\/p>\n<p>&nbsp;<\/p>\n<p>Voici les vins d\u00e9gust\u00e9s et un ou deux mots pour les d\u00e9crire :<\/p>\n<p>A1 Echezeaux 1999, Domaine Mugneret-Gibourg : volumineux<\/p>\n<p>A2 Echezeaux Vieille Vigne 1999, Domaine Mongeard-Mugneret : g\u00e9n\u00e9reux<\/p>\n<p>B1 Echezeaux 2001, Domaine David Duband : classieux<\/p>\n<p>B2 Nuits St-Georges Les St-Georges 2001, Domaine Chicotot : de la m\u00e2che<\/p>\n<p>C1 Echezeaux Vieilles Vignes 2004, Dominique Laurent : terrien<\/p>\n<p>C2 Echezeaux 2004, C\u00e9cile Tremblay : vineux<\/p>\n<p>D1 Echezeaux 1995, Domaine Mugneret-Gibourg : croquant<\/p>\n<p>D2 Echezeaux 1996, Domaine Mugneret-Gibourg : fusel\u00e9<\/p>\n<p>E1 Clos de Vougeot Vieilles Vignes 2002, Ch\u00e2teau de la Tour : noble<\/p>\n<p>E2 Echezeaux 2002, Domaine Mugneret-Gibourg : puissant<\/p>\n<p>F1 Ech\u00e9zeaux 2008, Domaine de la Roman\u00e9e Conti : magique<\/p>\n<p>F2 Echezeaux 2008, Domaine du Comte Liger-Belair : velout\u00e9<\/p>\n\n\t\t\t<div style=\"clear: both; float: none;\" class=\"ratepost-clear\"><\/div>\n\t\t\t<div id=\"ratepost-3754\" class=\"ratepost\" rel=\"3\">\n\t\t\t\t\t<span class=\"rating3\"><div class=\"star1\" rel=\"1\"><\/div><div class=\"star2\" rel=\"2\"><\/div><div class=\"star3\" rel=\"3\"><\/div><div class=\"star4\" rel=\"4\"><\/div><div class=\"star5\" rel=\"5\"><\/div><\/span>\n\t\t\t\t<div class=\"status-info\"><\/div>\n\t\t<\/div><div style=\"clear: both; float: none;\" class=\"ratepost-clear\"><\/div>","protected":false},"excerpt":{"rendered":"<p>Apr\u00e8s sa balade en Bonnes-Mares puis en Latrici\u00e8res-Chambertin, PHUSIS a continu\u00e9 avec les Ech\u00e9zeaux. En effet, en date du 27 mars dernier, l&#8217;occasion \u00e9t\u00e9 donn\u00e9e de d\u00e9guster toute une s\u00e9rie d&#8217;Ech\u00e9zeaux \u00e0 maturit\u00e9. Une d\u00e9gustation exceptionnelle o\u00f9 tous les vins ont \u00e9t\u00e9 avenants, joyeux, faciles, dans le bon sens du terme ! &nbsp; Voici les [&hellip;]<\/p>\n","protected":false},"author":3,"featured_media":0,"comment_status":"open","ping_status":"open","sticky":false,"template":"","format":"standard","meta":{"_monsterinsights_skip_tracking":false,"_monsterinsights_sitenote_active":false,"_monsterinsights_sitenote_note":"","_monsterinsights_sitenote_category":0,"footnotes":""},"categories":[1,19],"tags":[],"yoast_head":"<!-- This site is optimized with the Yoast SEO plugin v22.8 - https:\/\/yoast.com\/wordpress\/plugins\/seo\/ -->\n<title>Balade en Ech\u00e9zeaux - PHUSIS<\/title>\n<meta name=\"robots\" content=\"index, follow, max-snippet:-1, max-image-preview:large, max-video-preview:-1\" \/>\n<link rel=\"canonical\" href=\"https:\/\/www.phusis.ch\/vins\/2019\/04\/15\/balade-en-echezeaux\/\" \/>\n<meta property=\"og:locale\" content=\"fr_FR\" \/>\n<meta property=\"og:type\" content=\"article\" \/>\n<meta property=\"og:title\" content=\"Balade en Ech\u00e9zeaux - PHUSIS\" \/>\n<meta property=\"og:description\" content=\"Apr\u00e8s sa balade en Bonnes-Mares puis en Latrici\u00e8res-Chambertin, PHUSIS a continu\u00e9 avec les Ech\u00e9zeaux. En effet, en date du 27 mars dernier, l&#8217;occasion \u00e9t\u00e9 donn\u00e9e de d\u00e9guster toute une s\u00e9rie d&#8217;Ech\u00e9zeaux \u00e0 maturit\u00e9. Une d\u00e9gustation exceptionnelle o\u00f9 tous les vins ont \u00e9t\u00e9 avenants, joyeux, faciles, dans le bon sens du terme ! &nbsp; Voici les [&hellip;]\" \/>\n<meta property=\"og:url\" content=\"https:\/\/www.phusis.ch\/vins\/2019\/04\/15\/balade-en-echezeaux\/\" \/>\n<meta property=\"og:site_name\" content=\"PHUSIS\" \/>\n<meta property=\"article:published_time\" content=\"2019-04-15T19:42:44+00:00\" \/>\n<meta name=\"author\" content=\"Steve\" \/>\n<meta name=\"twitter:card\" content=\"summary_large_image\" \/>\n<meta name=\"twitter:label1\" content=\"\u00c9crit par\" \/>\n\t<meta name=\"twitter:data1\" content=\"Steve\" \/>\n\t<meta name=\"twitter:label2\" content=\"Dur\u00e9e de lecture estim\u00e9e\" \/>\n\t<meta name=\"twitter:data2\" content=\"1 minute\" \/>\n<script type=\"application\/ld+json\" class=\"yoast-schema-graph\">{\"@context\":\"https:\/\/schema.org\",\"@graph\":[{\"@type\":\"Article\",\"@id\":\"https:\/\/www.phusis.ch\/vins\/2019\/04\/15\/balade-en-echezeaux\/#article\",\"isPartOf\":{\"@id\":\"https:\/\/www.phusis.ch\/vins\/2019\/04\/15\/balade-en-echezeaux\/\"},\"author\":{\"name\":\"Steve\",\"@id\":\"http:\/\/www.phusis.ch\/vins\/#\/schema\/person\/65b6385ba0928f6cc1f3b9be20df5365\"},\"headline\":\"Balade en Ech\u00e9zeaux\",\"datePublished\":\"2019-04-15T19:42:44+00:00\",\"dateModified\":\"2019-04-15T19:42:44+00:00\",\"mainEntityOfPage\":{\"@id\":\"https:\/\/www.phusis.ch\/vins\/2019\/04\/15\/balade-en-echezeaux\/\"},\"wordCount\":165,\"commentCount\":0,\"publisher\":{\"@id\":\"http:\/\/www.phusis.ch\/vins\/#organization\"},\"articleSection\":[\"Accueil\",\"Comptes rendus\"],\"inLanguage\":\"fr-FR\",\"potentialAction\":[{\"@type\":\"CommentAction\",\"name\":\"Comment\",\"target\":[\"https:\/\/www.phusis.ch\/vins\/2019\/04\/15\/balade-en-echezeaux\/#respond\"]}]},{\"@type\":\"WebPage\",\"@id\":\"https:\/\/www.phusis.ch\/vins\/2019\/04\/15\/balade-en-echezeaux\/\",\"url\":\"https:\/\/www.phusis.ch\/vins\/2019\/04\/15\/balade-en-echezeaux\/\",\"name\":\"Balade en Ech\u00e9zeaux - PHUSIS\",\"isPartOf\":{\"@id\":\"http:\/\/www.phusis.ch\/vins\/#website\"},\"datePublished\":\"2019-04-15T19:42:44+00:00\",\"dateModified\":\"2019-04-15T19:42:44+00:00\",\"breadcrumb\":{\"@id\":\"https:\/\/www.phusis.ch\/vins\/2019\/04\/15\/balade-en-echezeaux\/#breadcrumb\"},\"inLanguage\":\"fr-FR\",\"potentialAction\":[{\"@type\":\"ReadAction\",\"target\":[\"https:\/\/www.phusis.ch\/vins\/2019\/04\/15\/balade-en-echezeaux\/\"]}]},{\"@type\":\"BreadcrumbList\",\"@id\":\"https:\/\/www.phusis.ch\/vins\/2019\/04\/15\/balade-en-echezeaux\/#breadcrumb\",\"itemListElement\":[{\"@type\":\"ListItem\",\"position\":1,\"name\":\"Accueil\",\"item\":\"http:\/\/www.phusis.ch\/vins\/\"},{\"@type\":\"ListItem\",\"position\":2,\"name\":\"Balade en Ech\u00e9zeaux\"}]},{\"@type\":\"WebSite\",\"@id\":\"http:\/\/www.phusis.ch\/vins\/#website\",\"url\":\"http:\/\/www.phusis.ch\/vins\/\",\"name\":\"PHUSIS\",\"description\":\"Phusis | Une exp\u00e9rience du vin\",\"publisher\":{\"@id\":\"http:\/\/www.phusis.ch\/vins\/#organization\"},\"potentialAction\":[{\"@type\":\"SearchAction\",\"target\":{\"@type\":\"EntryPoint\",\"urlTemplate\":\"http:\/\/www.phusis.ch\/vins\/?s={search_term_string}\"},\"query-input\":\"required name=search_term_string\"}],\"inLanguage\":\"fr-FR\"},{\"@type\":\"Organization\",\"@id\":\"http:\/\/www.phusis.ch\/vins\/#organization\",\"name\":\"PHUSIS\",\"url\":\"http:\/\/www.phusis.ch\/vins\/\",\"logo\":{\"@type\":\"ImageObject\",\"inLanguage\":\"fr-FR\",\"@id\":\"http:\/\/www.phusis.ch\/vins\/#\/schema\/logo\/image\/\",\"url\":\"http:\/\/www.phusis.ch\/vins\/wp-content\/uploads\/2021\/06\/Oiseau-PHUSIS-Transparent-1024x1024-1.png\",\"contentUrl\":\"http:\/\/www.phusis.ch\/vins\/wp-content\/uploads\/2021\/06\/Oiseau-PHUSIS-Transparent-1024x1024-1.png\",\"width\":1024,\"height\":1024,\"caption\":\"PHUSIS\"},\"image\":{\"@id\":\"http:\/\/www.phusis.ch\/vins\/#\/schema\/logo\/image\/\"}},{\"@type\":\"Person\",\"@id\":\"http:\/\/www.phusis.ch\/vins\/#\/schema\/person\/65b6385ba0928f6cc1f3b9be20df5365\",\"name\":\"Steve\",\"url\":\"http:\/\/www.phusis.ch\/vins\/author\/steveb\/\"}]}<\/script>\n<!-- \/ Yoast SEO plugin. -->","yoast_head_json":{"title":"Balade en Ech\u00e9zeaux - PHUSIS","robots":{"index":"index","follow":"follow","max-snippet":"max-snippet:-1","max-image-preview":"max-image-preview:large","max-video-preview":"max-video-preview:-1"},"canonical":"https:\/\/www.phusis.ch\/vins\/2019\/04\/15\/balade-en-echezeaux\/","og_locale":"fr_FR","og_type":"article","og_title":"Balade en Ech\u00e9zeaux - PHUSIS","og_description":"Apr\u00e8s sa balade en Bonnes-Mares puis en Latrici\u00e8res-Chambertin, PHUSIS a continu\u00e9 avec les Ech\u00e9zeaux. En effet, en date du 27 mars dernier, l&#8217;occasion \u00e9t\u00e9 donn\u00e9e de d\u00e9guster toute une s\u00e9rie d&#8217;Ech\u00e9zeaux \u00e0 maturit\u00e9. Une d\u00e9gustation exceptionnelle o\u00f9 tous les vins ont \u00e9t\u00e9 avenants, joyeux, faciles, dans le bon sens du terme ! &nbsp; Voici les [&hellip;]","og_url":"https:\/\/www.phusis.ch\/vins\/2019\/04\/15\/balade-en-echezeaux\/","og_site_name":"PHUSIS","article_published_time":"2019-04-15T19:42:44+00:00","author":"Steve","twitter_card":"summary_large_image","twitter_misc":{"\u00c9crit par":"Steve","Dur\u00e9e de lecture estim\u00e9e":"1 minute"},"schema":{"@context":"https:\/\/schema.org","@graph":[{"@type":"Article","@id":"https:\/\/www.phusis.ch\/vins\/2019\/04\/15\/balade-en-echezeaux\/#article","isPartOf":{"@id":"https:\/\/www.phusis.ch\/vins\/2019\/04\/15\/balade-en-echezeaux\/"},"author":{"name":"Steve","@id":"http:\/\/www.phusis.ch\/vins\/#\/schema\/person\/65b6385ba0928f6cc1f3b9be20df5365"},"headline":"Balade en Ech\u00e9zeaux","datePublished":"2019-04-15T19:42:44+00:00","dateModified":"2019-04-15T19:42:44+00:00","mainEntityOfPage":{"@id":"https:\/\/www.phusis.ch\/vins\/2019\/04\/15\/balade-en-echezeaux\/"},"wordCount":165,"commentCount":0,"publisher":{"@id":"http:\/\/www.phusis.ch\/vins\/#organization"},"articleSection":["Accueil","Comptes rendus"],"inLanguage":"fr-FR","potentialAction":[{"@type":"CommentAction","name":"Comment","target":["https:\/\/www.phusis.ch\/vins\/2019\/04\/15\/balade-en-echezeaux\/#respond"]}]},{"@type":"WebPage","@id":"https:\/\/www.phusis.ch\/vins\/2019\/04\/15\/balade-en-echezeaux\/","url":"https:\/\/www.phusis.ch\/vins\/2019\/04\/15\/balade-en-echezeaux\/","name":"Balade en Ech\u00e9zeaux - PHUSIS","isPartOf":{"@id":"http:\/\/www.phusis.ch\/vins\/#website"},"datePublished":"2019-04-15T19:42:44+00:00","dateModified":"2019-04-15T19:42:44+00:00","breadcrumb":{"@id":"https:\/\/www.phusis.ch\/vins\/2019\/04\/15\/balade-en-echezeaux\/#breadcrumb"},"inLanguage":"fr-FR","potentialAction":[{"@type":"ReadAction","target":["https:\/\/www.phusis.ch\/vins\/2019\/04\/15\/balade-en-echezeaux\/"]}]},{"@type":"BreadcrumbList","@id":"https:\/\/www.phusis.ch\/vins\/2019\/04\/15\/balade-en-echezeaux\/#breadcrumb","itemListElement":[{"@type":"ListItem","position":1,"name":"Accueil","item":"http:\/\/www.phusis.ch\/vins\/"},{"@type":"ListItem","position":2,"name":"Balade en Ech\u00e9zeaux"}]},{"@type":"WebSite","@id":"http:\/\/www.phusis.ch\/vins\/#website","url":"http:\/\/www.phusis.ch\/vins\/","name":"PHUSIS","description":"Phusis | Une exp\u00e9rience du vin","publisher":{"@id":"http:\/\/www.phusis.ch\/vins\/#organization"},"potentialAction":[{"@type":"SearchAction","target":{"@type":"EntryPoint","urlTemplate":"http:\/\/www.phusis.ch\/vins\/?s={search_term_string}"},"query-input":"required name=search_term_string"}],"inLanguage":"fr-FR"},{"@type":"Organization","@id":"http:\/\/www.phusis.ch\/vins\/#organization","name":"PHUSIS","url":"http:\/\/www.phusis.ch\/vins\/","logo":{"@type":"ImageObject","inLanguage":"fr-FR","@id":"http:\/\/www.phusis.ch\/vins\/#\/schema\/logo\/image\/","url":"http:\/\/www.phusis.ch\/vins\/wp-content\/uploads\/2021\/06\/Oiseau-PHUSIS-Transparent-1024x1024-1.png","contentUrl":"http:\/\/www.phusis.ch\/vins\/wp-content\/uploads\/2021\/06\/Oiseau-PHUSIS-Transparent-1024x1024-1.png","width":1024,"height":1024,"caption":"PHUSIS"},"image":{"@id":"http:\/\/www.phusis.ch\/vins\/#\/schema\/logo\/image\/"}},{"@type":"Person","@id":"http:\/\/www.phusis.ch\/vins\/#\/schema\/person\/65b6385ba0928f6cc1f3b9be20df5365","name":"Steve","url":"http:\/\/www.phusis.ch\/vins\/author\/steveb\/"}]}},"_links":{"self":[{"href":"http:\/\/www.phusis.ch\/vins\/wp-json\/wp\/v2\/posts\/3754"}],"collection":[{"href":"http:\/\/www.phusis.ch\/vins\/wp-json\/wp\/v2\/posts"}],"about":[{"href":"http:\/\/www.phusis.ch\/vins\/wp-json\/wp\/v2\/types\/post"}],"author":[{"embeddable":true,"href":"http:\/\/www.phusis.ch\/vins\/wp-json\/wp\/v2\/users\/3"}],"replies":[{"embeddable":true,"href":"http:\/\/www.phusis.ch\/vins\/wp-json\/wp\/v2\/comments?post=3754"}],"version-history":[{"count":3,"href":"http:\/\/www.phusis.ch\/vins\/wp-json\/wp\/v2\/posts\/3754\/revisions"}],"predecessor-version":[{"id":3758,"href":"http:\/\/www.phusis.ch\/vins\/wp-json\/wp\/v2\/posts\/3754\/revisions\/3758"}],"wp:attachment":[{"href":"http:\/\/www.phusis.ch\/vins\/wp-json\/wp\/v2\/media?parent=3754"}],"wp:term":[{"taxonomy":"category","embeddable":true,"href":"http:\/\/www.phusis.ch\/vins\/wp-json\/wp\/v2\/categories?post=3754"},{"taxonomy":"post_tag","embeddable":true,"href":"http:\/\/www.phusis.ch\/vins\/wp-json\/wp\/v2\/tags?post=3754"}],"curies":[{"name":"wp","href":"https:\/\/api.w.org\/{rel}","templated":true}]}}